{"id":1427,"date":"2026-04-28T14:49:22","date_gmt":"2026-04-28T17:49:22","guid":{"rendered":"https:\/\/marmorariasaofrancisco.com.br\/?p=1427"},"modified":"2026-04-09T15:03:40","modified_gmt":"2026-04-09T18:03:40","slug":"cores-do-ano-quais-pedras-naturais-combinam-com-a-paleta-de-2026","status":"publish","type":"post","link":"https:\/\/marmorariasaofrancisco.com.br\/index.php\/2026\/04\/28\/cores-do-ano-quais-pedras-naturais-combinam-com-a-paleta-de-2026\/","title":{"rendered":"Cores do Ano: Quais pedras naturais combinam com a paleta de 2026?"},"content":{"rendered":"\n<p>Se voc\u00ea est\u00e1 planejando sua reforma ou constru\u00e7\u00e3o para os pr\u00f3ximos meses, precisa saber: a paleta de cores de 2026 celebra a <strong>dualidade<\/strong>. De um lado, temos tons que buscam a calma e o equil\u00edbrio digital; do outro, cores vibrantes que trazem energia e otimismo.<\/p>\n\n\n\n<p>Mas como traduzir essas tend\u00eancias do design para o mundo das pedras naturais? Aqui est\u00e3o as melhores combina\u00e7\u00f5es:<\/p>\n\n\n\n<h3 class=\"wp-block-heading\">1. Tons de Lavanda e Azul Acinzentado (Calma Digital)<\/h3>\n\n\n\n<p>As cores que transmitem serenidade estar\u00e3o em alta. Para compor ambientes com essa proposta de relaxamento e tecnologia, as pedras ideais s\u00e3o:<\/p>\n\n\n\n<ul class=\"wp-block-list\">\n<li><strong>M\u00e1rmore Carrara ou Estatu\u00e1rio:<\/strong> O fundo branco com veios cinzas suaves complementa perfeitamente as paletas frias.<\/li>\n\n\n\n<li><strong>Quartzitos Claros:<\/strong> Oferecem a resist\u00eancia necess\u00e1ria com um visual leve e fluido.<\/li>\n<\/ul>\n\n\n\n<h3 class=\"wp-block-heading\">2. Laranjas Terrosos e Amarelos Queimados (Energia Solar)<\/h3>\n\n\n\n<p>2026 tamb\u00e9m traz cores que remetem ao p\u00f4r do sol e \u00e0 vitalidade. Para aquecer o ambiente e criar um ponto de destaque:<\/p>\n\n\n\n<ul class=\"wp-block-list\">\n<li><strong>M\u00e1rmore Travertino:<\/strong> Sua cor natural de areia e palha \u00e9 o par perfeito para tons de terracota.<\/li>\n\n\n\n<li><strong>Granitos Ex\u00f3ticos:<\/strong> Pedras com veios em tons de dourado ou \u00e2mbar trazem a for\u00e7a da natureza para dentro de casa.<\/li>\n<\/ul>\n\n\n\n<h3 class=\"wp-block-heading\">3. Verdes Profundos e Musgo (Biofilia Radical)<\/h3>\n\n\n\n<p>A conex\u00e3o com a natureza continua forte, mas agora em tons mais escuros e dram\u00e1ticos.<\/p>\n\n\n\n<ul class=\"wp-block-list\">\n<li><strong>Granito Verde Ubatuba ou San Francisco:<\/strong> Quando bem polidos, trazem uma profundidade que conversa com marcenarias em tons de verde escuro ou madeira natural.<\/li>\n\n\n\n<li><strong>Pedras de Tons Escovados:<\/strong> A textura fosca nessas cores refor\u00e7a o aspecto t\u00e1til e org\u00e2nico da tend\u00eancia.<\/li>\n<\/ul>\n\n\n\n<h3 class=\"wp-block-heading\">4. Neutros Quentes (O Novo Minimalismo)<\/h3>\n\n\n\n<p>O cinza frio est\u00e1 dando lugar ao &#8220;greige&#8221; (mistura de cinza com bege).<\/p>\n\n\n\n<ul class=\"wp-block-list\">\n<li><strong>Granito Branco Siena ou Ita\u00fanas:<\/strong> S\u00e3o cl\u00e1ssicos que se adaptam a essa transi\u00e7\u00e3o, oferecendo uma base clara, mas com o calor necess\u00e1rio para n\u00e3o parecer um ambiente hospitalar.<\/li>\n<\/ul>\n\n\n\n<h2 class=\"wp-block-heading\">Conclus\u00e3o<\/h2>\n\n\n\n<p>Seguir a tend\u00eancia das cores n\u00e3o significa mudar tudo, mas sim escolher uma pedra que sirva como a &#8220;\u00e2ncora&#8221; do seu design. As pedras naturais t\u00eam a vantagem de serem atemporais: elas sobrevivem \u00e0s modas passageiras enquanto se adaptam \u00e0s novas paletas.<\/p>\n\n\n\n<p><strong>Quer descobrir qual dessas combina\u00e7\u00f5es mais combina com o seu estilo?<\/strong> Na <strong>Marmoraria S\u00e3o Francisco<\/strong>, temos o material perfeito para o seu projeto de 2026.<\/p>\n","protected":false},"excerpt":{"rendered":"<p>Se voc\u00ea est\u00e1 planejando sua reforma ou constru\u00e7\u00e3o para os pr\u00f3ximos meses, precisa saber: a paleta de cores de 2026 celebra a dualidade. De um lado, temos tons que buscam a calma e o equil\u00edbrio digital; do outro, cores vibrantes que trazem energia e otimismo. Mas como traduzir essas tend\u00eancias do design para o mundo [&hellip;]<\/p>\n","protected":false},"author":4,"featured_media":1428,"comment_status":"open","ping_status":"open","sticky":false,"template":"","format":"standard","meta":{"footnotes":""},"categories":[1],"tags":[],"class_list":["post-1427","post","type-post","status-publish","format-standard","has-post-thumbnail","hentry","category-sem-categoria"],"_links":{"self":[{"href":"https:\/\/marmorariasaofrancisco.com.br\/index.php\/wp-json\/wp\/v2\/posts\/1427","targetHints":{"allow":["GET"]}}],"collection":[{"href":"https:\/\/marmorariasaofrancisco.com.br\/index.php\/wp-json\/wp\/v2\/posts"}],"about":[{"href":"https:\/\/marmorariasaofrancisco.com.br\/index.php\/wp-json\/wp\/v2\/types\/post"}],"author":[{"embeddable":true,"href":"https:\/\/marmorariasaofrancisco.com.br\/index.php\/wp-json\/wp\/v2\/users\/4"}],"replies":[{"embeddable":true,"href":"https:\/\/marmorariasaofrancisco.com.br\/index.php\/wp-json\/wp\/v2\/comments?post=1427"}],"version-history":[{"count":1,"href":"https:\/\/marmorariasaofrancisco.com.br\/index.php\/wp-json\/wp\/v2\/posts\/1427\/revisions"}],"predecessor-version":[{"id":1429,"href":"https:\/\/marmorariasaofrancisco.com.br\/index.php\/wp-json\/wp\/v2\/posts\/1427\/revisions\/1429"}],"wp:featuredmedia":[{"embeddable":true,"href":"https:\/\/marmorariasaofrancisco.com.br\/index.php\/wp-json\/wp\/v2\/media\/1428"}],"wp:attachment":[{"href":"https:\/\/marmorariasaofrancisco.com.br\/index.php\/wp-json\/wp\/v2\/media?parent=1427"}],"wp:term":[{"taxonomy":"category","embeddable":true,"href":"https:\/\/marmorariasaofrancisco.com.br\/index.php\/wp-json\/wp\/v2\/categories?post=1427"},{"taxonomy":"post_tag","embeddable":true,"href":"https:\/\/marmorariasaofrancisco.com.br\/index.php\/wp-json\/wp\/v2\/tags?post=1427"}],"curies":[{"name":"wp","href":"https:\/\/api.w.org\/{rel}","templated":true}]}}